{"id":35332,"date":"2022-05-05T11:00:08","date_gmt":"2022-05-05T11:00:08","guid":{"rendered":"https:\/\/horecamagazine.be\/une-nouvelle-dimension-pour-vos-creations-de-latte-avec-inex-barista\/"},"modified":"2022-05-05T13:16:46","modified_gmt":"2022-05-05T13:16:46","slug":"une-nouvelle-dimension-pour-vos-creations-de-latte-avec-inex-barista","status":"publish","type":"post","link":"https:\/\/horecamagazine.be\/fr\/une-nouvelle-dimension-pour-vos-creations-de-latte-avec-inex-barista\/","title":{"rendered":"Une nouvelle dimension pour vos cr\u00e9ations de latte avec Inex Barista !"},"content":{"rendered":"<p>[et_pb_section fb_built=&#8221;1&#8243; _builder_version=&#8221;4.14.7&#8243; _module_preset=&#8221;default&#8221; custom_padding=&#8221;0px|||||&#8221; global_colors_info=&#8221;{}&#8221;][et_pb_row _builder_version=&#8221;4.14.7&#8243; _module_preset=&#8221;default&#8221; max_width=&#8221;800px&#8221; module_alignment=&#8221;center&#8221; custom_padding=&#8221;0px|||||&#8221; global_colors_info=&#8221;{}&#8221;][et_pb_column type=&#8221;4_4&#8243; _builder_version=&#8221;4.14.7&#8243; _module_preset=&#8221;default&#8221; global_colors_info=&#8221;{}&#8221;][et_pb_text _builder_version=&#8221;4.14.7&#8243; _module_preset=&#8221;default&#8221; global_colors_info=&#8221;{}&#8221;]<\/p>\n<p style=\"text-align: center;\"><strong><em>Inex d\u00e9voile une nouvelle gamme Barista pour le march\u00e9 professionnel. Avec 2 nouvelles variantes de mousse, l&#8217;entreprise laiti\u00e8re r\u00e9pond \u00e0 la popularit\u00e9 croissante des bars \u00e0 caf\u00e9 et des sp\u00e9cialit\u00e9s de caf\u00e9.<\/em><\/strong><\/p>\n<p>[\/et_pb_text][\/et_pb_column][\/et_pb_row][et_pb_row column_structure=&#8221;2_5,3_5&#8243; _builder_version=&#8221;4.14.7&#8243; _module_preset=&#8221;default&#8221; global_colors_info=&#8221;{}&#8221;][et_pb_column type=&#8221;2_5&#8243; _builder_version=&#8221;4.14.7&#8243; _module_preset=&#8221;default&#8221; global_colors_info=&#8221;{}&#8221;][et_pb_image src=&#8221;https:\/\/horecamagazine.be\/wp-content\/uploads\/2022\/05\/Schermafbeelding-2022-05-04-om-09.50.36.jpg&#8221; title_text=&#8221;Schermafbeelding 2022-05-04 om 09.50.36&#8243; url=&#8221;https:\/\/www.inex.be\/fr\/recipe\/ice-straciatella-queen\/&#8221; url_new_window=&#8221;on&#8221; _builder_version=&#8221;4.14.7&#8243; _module_preset=&#8221;default&#8221; global_colors_info=&#8221;{}&#8221;][\/et_pb_image][\/et_pb_column][et_pb_column type=&#8221;3_5&#8243; _builder_version=&#8221;4.14.7&#8243; _module_preset=&#8221;default&#8221; global_colors_info=&#8221;{}&#8221;][et_pb_text _builder_version=&#8221;4.14.7&#8243; _module_preset=&#8221;default&#8221; header_4_text_color=&#8221;#023893&#8243; custom_padding=&#8221;||1px|||&#8221; global_colors_info=&#8221;{}&#8221;]<\/p>\n<h4>Lait moussant Sans Lactose<\/h4>\n<p><strong>Inex Barista Sans Lactose <\/strong>est fabriqu\u00e9 \u00e0 partir de lait de p\u00e2turage belge. Ce lait est produit par des vaches qui passent plus de 120 jours par an dans les p\u00e2turages, et ce \u00e0 raison de minimum 6 heures par jour.<\/p>\n<p>Le lait moussant est un produit laitier 100 % belge. Inex tire \u00e9galement le meilleur parti de ce lait moussant 100 % sans lactose, car tout le monde peut profiter d&#8217;une d\u00e9licieuse mousse de lait sur sa cr\u00e9ation de latte.<\/p>\n<p>Laissez-vous inspirer pas les cr\u00e9ations du Barista Jo De Bruyne. Il pr\u00e9pare un d\u00e9licieux caf\u00e9 frapp\u00e9 avec Inex Barista Sans Lactose et du Baileys\u00a0![\/et_pb_text][et_pb_button button_url=&#8221;https:\/\/www.inex.be\/fr\/recipe\/ice-straciatella-queen\/&#8221; url_new_window=&#8221;on&#8221; button_text=&#8221;Voir la recette&#8221; _builder_version=&#8221;4.14.7&#8243; _module_preset=&#8221;default&#8221; custom_button=&#8221;on&#8221; button_text_size=&#8221;16px&#8221; button_text_color=&#8221;#FFFFFF&#8221; button_bg_color=&#8221;#00b4e5&#8243; button_border_color=&#8221;RGBA(255,255,255,0)&#8221; button_border_radius=&#8221;100px&#8221; button_font=&#8221;|700|||||||&#8221; button_icon=&#8221;&#x35;||divi||400&#8243; button_icon_color=&#8221;#FFFFFF&#8221; global_colors_info=&#8221;{}&#8221;][\/et_pb_button][\/et_pb_column][\/et_pb_row][et_pb_row column_structure=&#8221;2_5,3_5&#8243; _builder_version=&#8221;4.14.7&#8243; _module_preset=&#8221;default&#8221; global_colors_info=&#8221;{}&#8221;][et_pb_column type=&#8221;2_5&#8243; _builder_version=&#8221;4.14.7&#8243; _module_preset=&#8221;default&#8221; global_colors_info=&#8221;{}&#8221;][et_pb_image src=&#8221;https:\/\/horecamagazine.be\/wp-content\/uploads\/2022\/05\/LauraNoppe_Inex-zomer-124-bewerkt-bewerkt_Adapt_CMYK.jpg&#8221; title_text=&#8221;LauraNoppe_Inex-zomer-124-bewerkt-bewerkt_Adapt_CMYK&#8221; url=&#8221;https:\/\/www.inex.be\/fr\/inex_recipe_category\/foodservice-fr\/&#8221; url_new_window=&#8221;on&#8221; _builder_version=&#8221;4.14.7&#8243; _module_preset=&#8221;default&#8221; global_colors_info=&#8221;{}&#8221;][\/et_pb_image][\/et_pb_column][et_pb_column type=&#8221;3_5&#8243; _builder_version=&#8221;4.14.7&#8243; _module_preset=&#8221;default&#8221; global_colors_info=&#8221;{}&#8221;][et_pb_text _builder_version=&#8221;4.14.7&#8243; _module_preset=&#8221;default&#8221; header_4_text_color=&#8221;#023893&#8243; custom_padding=&#8221;||1px|||&#8221; global_colors_info=&#8221;{}&#8221;]<\/p>\n<h4>Mousse de lait v\u00e9g\u00e9tale<\/h4>\n<p><strong>Inex Barista Avoine <\/strong>est la premi\u00e8re boisson v\u00e9g\u00e9tale de la marque Inex. Cette variante moussante v\u00e9g\u00e9tale offre une mousse parfaitement homog\u00e8ne et une l\u00e9g\u00e8re saveur d&#8217;avoine.<\/p>\n<p>D\u00e9couvrez comment associer Inex Barista Avoine \u00e0 une savoureuse cr\u00e9ation de caf\u00e9 ou de th\u00e9 ? Conseils et astuces du Barista Jo De Bruyne.[\/et_pb_text][et_pb_button button_url=&#8221;https:\/\/www.inex.be\/fr\/inex_recipe_category\/foodservice-fr\/&#8221; url_new_window=&#8221;on&#8221; button_text=&#8221;Conseils et astuces&#8221; _builder_version=&#8221;4.14.7&#8243; _module_preset=&#8221;default&#8221; custom_button=&#8221;on&#8221; button_text_size=&#8221;16px&#8221; button_text_color=&#8221;#FFFFFF&#8221; button_bg_color=&#8221;#00b4e5&#8243; button_border_color=&#8221;RGBA(255,255,255,0)&#8221; button_border_radius=&#8221;100px&#8221; button_font=&#8221;|700|||||||&#8221; button_icon=&#8221;&#x35;||divi||400&#8243; button_icon_color=&#8221;#FFFFFF&#8221; global_colors_info=&#8221;{}&#8221;][\/et_pb_button][\/et_pb_column][\/et_pb_row][et_pb_row column_structure=&#8221;2_5,3_5&#8243; _builder_version=&#8221;4.14.7&#8243; _module_preset=&#8221;default&#8221; global_colors_info=&#8221;{}&#8221;][et_pb_column type=&#8221;2_5&#8243; _builder_version=&#8221;4.14.7&#8243; _module_preset=&#8221;default&#8221; global_colors_info=&#8221;{}&#8221;][et_pb_image src=&#8221;https:\/\/horecamagazine.be\/wp-content\/uploads\/2022\/05\/Barista_mailing_images_test-uit_FR-scaled.jpg&#8221; title_text=&#8221;Barista_mailing_images_test-uit_FR&#8221; url=&#8221;https:\/\/www.inex.be\/fr\/inex_product_category\/foodservice-barista-fr\/#staalaanvraagfr&#8221; url_new_window=&#8221;on&#8221; _builder_version=&#8221;4.14.7&#8243; _module_preset=&#8221;default&#8221; hover_enabled=&#8221;0&#8243; global_colors_info=&#8221;{}&#8221; sticky_enabled=&#8221;0&#8243;][\/et_pb_image][\/et_pb_column][et_pb_column type=&#8221;3_5&#8243; _builder_version=&#8221;4.14.7&#8243; _module_preset=&#8221;default&#8221; global_colors_info=&#8221;{}&#8221;][et_pb_text _builder_version=&#8221;4.14.7&#8243; _module_preset=&#8221;default&#8221; header_4_text_color=&#8221;#023893&#8243; custom_padding=&#8221;||1px|||&#8221; global_colors_info=&#8221;{}&#8221;]<\/p>\n<h4>Au travail avec Inex Barista !<\/h4>\n<p>Si vous \u00eates curieux de d\u00e9couvrir les possibilit\u00e9s offertes par Inex Barista, nous nous ferons un plaisir de vous expliquer les raisons de l\u2019enthousiasme des Baristas pour nos produits.<\/p>\n<p>Via le lien ci-dessous, demandez votre <strong>\u00e9chantillon gratuit d&#8217;Inex Barista Sans Lactose (6x1L) et Avoine (6x1L)<\/strong> et nous mettrons tout en \u0153uvre pour vous permettre de tester ces produits d\u00e8s que possible.*[\/et_pb_text][et_pb_button button_url=&#8221;https:\/\/www.inex.be\/fr\/inex_product_category\/foodservice-barista-fr\/#staalaanvraagfr&#8221; url_new_window=&#8221;on&#8221; button_text=&#8221;Demandez votre \u00e9chantillon gratuit&#8221; _builder_version=&#8221;4.14.7&#8243; _module_preset=&#8221;default&#8221; custom_button=&#8221;on&#8221; button_text_size=&#8221;16px&#8221; button_text_color=&#8221;#FFFFFF&#8221; button_bg_color=&#8221;#00b4e5&#8243; button_border_color=&#8221;RGBA(255,255,255,0)&#8221; button_border_radius=&#8221;100px&#8221; button_font=&#8221;|700|||||||&#8221; button_icon=&#8221;&#x35;||divi||400&#8243; button_icon_color=&#8221;#FFFFFF&#8221; global_colors_info=&#8221;{}&#8221;][\/et_pb_button][et_pb_text _builder_version=&#8221;4.14.7&#8243; _module_preset=&#8221;default&#8221; text_font_size=&#8221;11px&#8221; global_colors_info=&#8221;{}&#8221;]<em>* offre valable uniquement pour les professionnels de l\u2019alimentation avec n\u00b0 de TVA<\/em>[\/et_pb_text][\/et_pb_column][\/et_pb_row][et_pb_row _builder_version=&#8221;4.14.7&#8243; _module_preset=&#8221;default&#8221; max_width=&#8221;800px&#8221; module_alignment=&#8221;center&#8221; custom_padding=&#8221;0px|||||&#8221; global_colors_info=&#8221;{}&#8221;][et_pb_column type=&#8221;4_4&#8243; _builder_version=&#8221;4.14.7&#8243; _module_preset=&#8221;default&#8221; global_colors_info=&#8221;{}&#8221;][et_pb_text _builder_version=&#8221;4.14.7&#8243; _module_preset=&#8221;default&#8221; text_font_size=&#8221;10px&#8221; global_colors_info=&#8221;{}&#8221;]<\/p>\n<p style=\"text-align: center;\"><em>\u2014 Publireportage \u2014<\/em><\/p>\n<p>[\/et_pb_text][\/et_pb_column][\/et_pb_row][\/et_pb_section]<\/p>\n","protected":false},"excerpt":{"rendered":"<p>Inex d\u00e9voile une nouvelle gamme Barista pour le march\u00e9 professionnel. Avec 2 nouvelles variantes de mousse, l&#8217;entreprise laiti\u00e8re r\u00e9pond \u00e0 la popularit\u00e9 croissante des bars \u00e0 caf\u00e9 et des sp\u00e9cialit\u00e9s de caf\u00e9.Lait moussant Sans Lactose Inex Barista Sans Lactose est fabriqu\u00e9 \u00e0 partir de lait de p\u00e2turage belge. Ce lait est produit par des vaches [&hellip;]<\/p>\n","protected":false},"author":5,"featured_media":35310,"comment_status":"closed","ping_status":"closed","sticky":false,"template":"","format":"standard","meta":{"_et_pb_use_builder":"on","_et_pb_old_content":"","_et_gb_content_width":"","om_disable_all_campaigns":false,"_monsterinsights_skip_tracking":false,"_monsterinsights_sitenote_active":false,"_monsterinsights_sitenote_note":"","_monsterinsights_sitenote_category":0,"pgc_sgb_lightbox_settings":"","footnotes":"","_links_to":"","_links_to_target":""},"categories":[41,84],"tags":[],"class_list":["post-35332","post","type-post","status-publish","format-standard","has-post-thumbnail","hentry","category-actualite","category-popup-newsletter-fr","et-has-post-format-content","et_post_format-et-post-format-standard"],"yoast_head":"<!-- This site is optimized with the Yoast SEO plugin v25.6 - https:\/\/yoast.com\/wordpress\/plugins\/seo\/ -->\n<title>Une nouvelle dimension pour vos cr\u00e9ations de latte avec Inex Barista ! | Horeca Magazine<\/title>\n<meta name=\"description\" content=\"Horeca Magazine | Une nouvelle dimension pour vos cr\u00e9ations de latte avec Inex Barista !\" \/>\n<meta name=\"robots\" content=\"index, follow, max-snippet:-1, max-image-preview:large, max-video-preview:-1\" \/>\n<link rel=\"canonical\" href=\"https:\/\/horecamagazine.be\/fr\/une-nouvelle-dimension-pour-vos-creations-de-latte-avec-inex-barista\/\" \/>\n<meta property=\"og:locale\" content=\"fr_FR\" \/>\n<meta property=\"og:type\" content=\"article\" \/>\n<meta property=\"og:title\" content=\"Une nouvelle dimension pour vos cr\u00e9ations de latte avec Inex Barista ! | Horeca Magazine\" \/>\n<meta property=\"og:description\" content=\"Horeca Magazine | Une nouvelle dimension pour vos cr\u00e9ations de latte avec Inex Barista !\" \/>\n<meta property=\"og:url\" content=\"https:\/\/horecamagazine.be\/fr\/une-nouvelle-dimension-pour-vos-creations-de-latte-avec-inex-barista\/\" \/>\n<meta property=\"og:site_name\" content=\"Horeca Magazine\" \/>\n<meta property=\"article:publisher\" content=\"https:\/\/www.facebook.com\/horecamagazine.be\/\" \/>\n<meta property=\"article:published_time\" content=\"2022-05-05T11:00:08+00:00\" \/>\n<meta property=\"article:modified_time\" content=\"2022-05-05T13:16:46+00:00\" \/>\n<meta property=\"og:image\" content=\"https:\/\/horecamagazine.be\/wp-content\/uploads\/2022\/05\/INEX-NEWSLETTER-BEELDEN.jpg\" \/>\n\t<meta property=\"og:image:width\" content=\"1556\" \/>\n\t<meta property=\"og:image:height\" content=\"932\" \/>\n\t<meta property=\"og:image:type\" content=\"image\/jpeg\" \/>\n<meta name=\"author\" content=\"Jonas Vansieleghem\" \/>\n<meta name=\"twitter:card\" content=\"summary_large_image\" \/>\n<meta name=\"twitter:label1\" content=\"\u00c9crit par\" \/>\n\t<meta name=\"twitter:data1\" content=\"Jonas Vansieleghem\" \/>\n\t<meta name=\"twitter:label2\" content=\"Dur\u00e9e de lecture estim\u00e9e\" \/>\n\t<meta name=\"twitter:data2\" content=\"3 minutes\" \/>\n<script type=\"application\/ld+json\" class=\"yoast-schema-graph\">{\"@context\":\"https:\/\/schema.org\",\"@graph\":[{\"@type\":\"Article\",\"@id\":\"https:\/\/horecamagazine.be\/fr\/une-nouvelle-dimension-pour-vos-creations-de-latte-avec-inex-barista\/#article\",\"isPartOf\":{\"@id\":\"https:\/\/horecamagazine.be\/fr\/une-nouvelle-dimension-pour-vos-creations-de-latte-avec-inex-barista\/\"},\"author\":{\"name\":\"Jonas Vansieleghem\",\"@id\":\"https:\/\/horecamagazine.be\/fr\/#\/schema\/person\/cd8e058b9ed64f0005d5b1fe0544b496\"},\"headline\":\"Une nouvelle dimension pour vos cr\u00e9ations de latte avec Inex Barista !\",\"datePublished\":\"2022-05-05T11:00:08+00:00\",\"dateModified\":\"2022-05-05T13:16:46+00:00\",\"mainEntityOfPage\":{\"@id\":\"https:\/\/horecamagazine.be\/fr\/une-nouvelle-dimension-pour-vos-creations-de-latte-avec-inex-barista\/\"},\"wordCount\":997,\"publisher\":{\"@id\":\"https:\/\/horecamagazine.be\/fr\/#organization\"},\"image\":{\"@id\":\"https:\/\/horecamagazine.be\/fr\/une-nouvelle-dimension-pour-vos-creations-de-latte-avec-inex-barista\/#primaryimage\"},\"thumbnailUrl\":\"https:\/\/horecamagazine.be\/wp-content\/uploads\/2022\/05\/INEX-NEWSLETTER-BEELDEN.jpg\",\"articleSection\":[\"Actualit\u00e9\",\"POPUP NEWSLETTER FR\"],\"inLanguage\":\"fr-FR\"},{\"@type\":\"WebPage\",\"@id\":\"https:\/\/horecamagazine.be\/fr\/une-nouvelle-dimension-pour-vos-creations-de-latte-avec-inex-barista\/\",\"url\":\"https:\/\/horecamagazine.be\/fr\/une-nouvelle-dimension-pour-vos-creations-de-latte-avec-inex-barista\/\",\"name\":\"Une nouvelle dimension pour vos cr\u00e9ations de latte avec Inex Barista ! | Horeca Magazine\",\"isPartOf\":{\"@id\":\"https:\/\/horecamagazine.be\/fr\/#website\"},\"primaryImageOfPage\":{\"@id\":\"https:\/\/horecamagazine.be\/fr\/une-nouvelle-dimension-pour-vos-creations-de-latte-avec-inex-barista\/#primaryimage\"},\"image\":{\"@id\":\"https:\/\/horecamagazine.be\/fr\/une-nouvelle-dimension-pour-vos-creations-de-latte-avec-inex-barista\/#primaryimage\"},\"thumbnailUrl\":\"https:\/\/horecamagazine.be\/wp-content\/uploads\/2022\/05\/INEX-NEWSLETTER-BEELDEN.jpg\",\"datePublished\":\"2022-05-05T11:00:08+00:00\",\"dateModified\":\"2022-05-05T13:16:46+00:00\",\"description\":\"Horeca Magazine | Une nouvelle dimension pour vos cr\u00e9ations de latte avec Inex Barista !\",\"breadcrumb\":{\"@id\":\"https:\/\/horecamagazine.be\/fr\/une-nouvelle-dimension-pour-vos-creations-de-latte-avec-inex-barista\/#breadcrumb\"},\"inLanguage\":\"fr-FR\",\"potentialAction\":[{\"@type\":\"ReadAction\",\"target\":[\"https:\/\/horecamagazine.be\/fr\/une-nouvelle-dimension-pour-vos-creations-de-latte-avec-inex-barista\/\"]}]},{\"@type\":\"ImageObject\",\"inLanguage\":\"fr-FR\",\"@id\":\"https:\/\/horecamagazine.be\/fr\/une-nouvelle-dimension-pour-vos-creations-de-latte-avec-inex-barista\/#primaryimage\",\"url\":\"https:\/\/horecamagazine.be\/wp-content\/uploads\/2022\/05\/INEX-NEWSLETTER-BEELDEN.jpg\",\"contentUrl\":\"https:\/\/horecamagazine.be\/wp-content\/uploads\/2022\/05\/INEX-NEWSLETTER-BEELDEN.jpg\",\"width\":1556,\"height\":932},{\"@type\":\"BreadcrumbList\",\"@id\":\"https:\/\/horecamagazine.be\/fr\/une-nouvelle-dimension-pour-vos-creations-de-latte-avec-inex-barista\/#breadcrumb\",\"itemListElement\":[{\"@type\":\"ListItem\",\"position\":1,\"name\":\"Home\",\"item\":\"https:\/\/horecamagazine.be\/fr\/\"},{\"@type\":\"ListItem\",\"position\":2,\"name\":\"Une nouvelle dimension pour vos cr\u00e9ations de latte avec Inex Barista !\"}]},{\"@type\":\"WebSite\",\"@id\":\"https:\/\/horecamagazine.be\/fr\/#website\",\"url\":\"https:\/\/horecamagazine.be\/fr\/\",\"name\":\"Horeca Magazine\",\"description\":\"Uw partner in Horeca\",\"publisher\":{\"@id\":\"https:\/\/horecamagazine.be\/fr\/#organization\"},\"potentialAction\":[{\"@type\":\"SearchAction\",\"target\":{\"@type\":\"EntryPoint\",\"urlTemplate\":\"https:\/\/horecamagazine.be\/fr\/?s={search_term_string}\"},\"query-input\":{\"@type\":\"PropertyValueSpecification\",\"valueRequired\":true,\"valueName\":\"search_term_string\"}}],\"inLanguage\":\"fr-FR\"},{\"@type\":\"Organization\",\"@id\":\"https:\/\/horecamagazine.be\/fr\/#organization\",\"name\":\"Horeca Magazine\",\"url\":\"https:\/\/horecamagazine.be\/fr\/\",\"logo\":{\"@type\":\"ImageObject\",\"inLanguage\":\"fr-FR\",\"@id\":\"https:\/\/horecamagazine.be\/fr\/#\/schema\/logo\/image\/\",\"url\":\"https:\/\/horecamagazine.be\/wp-content\/uploads\/2018\/12\/Horeca-Magazine-logo-01.png\",\"contentUrl\":\"https:\/\/horecamagazine.be\/wp-content\/uploads\/2018\/12\/Horeca-Magazine-logo-01.png\",\"width\":2085,\"height\":590,\"caption\":\"Horeca Magazine\"},\"image\":{\"@id\":\"https:\/\/horecamagazine.be\/fr\/#\/schema\/logo\/image\/\"},\"sameAs\":[\"https:\/\/www.facebook.com\/horecamagazine.be\/\",\"https:\/\/www.instagram.com\/horeca.magazine\/\"]},{\"@type\":\"Person\",\"@id\":\"https:\/\/horecamagazine.be\/fr\/#\/schema\/person\/cd8e058b9ed64f0005d5b1fe0544b496\",\"name\":\"Jonas Vansieleghem\",\"image\":{\"@type\":\"ImageObject\",\"inLanguage\":\"fr-FR\",\"@id\":\"https:\/\/horecamagazine.be\/fr\/#\/schema\/person\/image\/\",\"url\":\"https:\/\/secure.gravatar.com\/avatar\/cb9a028bd507b3ea2cc85501efdb8fce?s=96&d=mm&r=g\",\"contentUrl\":\"https:\/\/secure.gravatar.com\/avatar\/cb9a028bd507b3ea2cc85501efdb8fce?s=96&d=mm&r=g\",\"caption\":\"Jonas Vansieleghem\"},\"url\":\"https:\/\/horecamagazine.be\/fr\/author\/jonas\/\"}]}<\/script>\n<!-- \/ Yoast SEO plugin. -->","yoast_head_json":{"title":"Une nouvelle dimension pour vos cr\u00e9ations de latte avec Inex Barista ! | Horeca Magazine","description":"Horeca Magazine | Une nouvelle dimension pour vos cr\u00e9ations de latte avec Inex Barista !","robots":{"index":"index","follow":"follow","max-snippet":"max-snippet:-1","max-image-preview":"max-image-preview:large","max-video-preview":"max-video-preview:-1"},"canonical":"https:\/\/horecamagazine.be\/fr\/une-nouvelle-dimension-pour-vos-creations-de-latte-avec-inex-barista\/","og_locale":"fr_FR","og_type":"article","og_title":"Une nouvelle dimension pour vos cr\u00e9ations de latte avec Inex Barista ! | Horeca Magazine","og_description":"Horeca Magazine | Une nouvelle dimension pour vos cr\u00e9ations de latte avec Inex Barista !","og_url":"https:\/\/horecamagazine.be\/fr\/une-nouvelle-dimension-pour-vos-creations-de-latte-avec-inex-barista\/","og_site_name":"Horeca Magazine","article_publisher":"https:\/\/www.facebook.com\/horecamagazine.be\/","article_published_time":"2022-05-05T11:00:08+00:00","article_modified_time":"2022-05-05T13:16:46+00:00","og_image":[{"width":1556,"height":932,"url":"https:\/\/horecamagazine.be\/wp-content\/uploads\/2022\/05\/INEX-NEWSLETTER-BEELDEN.jpg","type":"image\/jpeg"}],"author":"Jonas Vansieleghem","twitter_card":"summary_large_image","twitter_misc":{"\u00c9crit par":"Jonas Vansieleghem","Dur\u00e9e de lecture estim\u00e9e":"3 minutes"},"schema":{"@context":"https:\/\/schema.org","@graph":[{"@type":"Article","@id":"https:\/\/horecamagazine.be\/fr\/une-nouvelle-dimension-pour-vos-creations-de-latte-avec-inex-barista\/#article","isPartOf":{"@id":"https:\/\/horecamagazine.be\/fr\/une-nouvelle-dimension-pour-vos-creations-de-latte-avec-inex-barista\/"},"author":{"name":"Jonas Vansieleghem","@id":"https:\/\/horecamagazine.be\/fr\/#\/schema\/person\/cd8e058b9ed64f0005d5b1fe0544b496"},"headline":"Une nouvelle dimension pour vos cr\u00e9ations de latte avec Inex Barista !","datePublished":"2022-05-05T11:00:08+00:00","dateModified":"2022-05-05T13:16:46+00:00","mainEntityOfPage":{"@id":"https:\/\/horecamagazine.be\/fr\/une-nouvelle-dimension-pour-vos-creations-de-latte-avec-inex-barista\/"},"wordCount":997,"publisher":{"@id":"https:\/\/horecamagazine.be\/fr\/#organization"},"image":{"@id":"https:\/\/horecamagazine.be\/fr\/une-nouvelle-dimension-pour-vos-creations-de-latte-avec-inex-barista\/#primaryimage"},"thumbnailUrl":"https:\/\/horecamagazine.be\/wp-content\/uploads\/2022\/05\/INEX-NEWSLETTER-BEELDEN.jpg","articleSection":["Actualit\u00e9","POPUP NEWSLETTER FR"],"inLanguage":"fr-FR"},{"@type":"WebPage","@id":"https:\/\/horecamagazine.be\/fr\/une-nouvelle-dimension-pour-vos-creations-de-latte-avec-inex-barista\/","url":"https:\/\/horecamagazine.be\/fr\/une-nouvelle-dimension-pour-vos-creations-de-latte-avec-inex-barista\/","name":"Une nouvelle dimension pour vos cr\u00e9ations de latte avec Inex Barista ! | Horeca Magazine","isPartOf":{"@id":"https:\/\/horecamagazine.be\/fr\/#website"},"primaryImageOfPage":{"@id":"https:\/\/horecamagazine.be\/fr\/une-nouvelle-dimension-pour-vos-creations-de-latte-avec-inex-barista\/#primaryimage"},"image":{"@id":"https:\/\/horecamagazine.be\/fr\/une-nouvelle-dimension-pour-vos-creations-de-latte-avec-inex-barista\/#primaryimage"},"thumbnailUrl":"https:\/\/horecamagazine.be\/wp-content\/uploads\/2022\/05\/INEX-NEWSLETTER-BEELDEN.jpg","datePublished":"2022-05-05T11:00:08+00:00","dateModified":"2022-05-05T13:16:46+00:00","description":"Horeca Magazine | Une nouvelle dimension pour vos cr\u00e9ations de latte avec Inex Barista !","breadcrumb":{"@id":"https:\/\/horecamagazine.be\/fr\/une-nouvelle-dimension-pour-vos-creations-de-latte-avec-inex-barista\/#breadcrumb"},"inLanguage":"fr-FR","potentialAction":[{"@type":"ReadAction","target":["https:\/\/horecamagazine.be\/fr\/une-nouvelle-dimension-pour-vos-creations-de-latte-avec-inex-barista\/"]}]},{"@type":"ImageObject","inLanguage":"fr-FR","@id":"https:\/\/horecamagazine.be\/fr\/une-nouvelle-dimension-pour-vos-creations-de-latte-avec-inex-barista\/#primaryimage","url":"https:\/\/horecamagazine.be\/wp-content\/uploads\/2022\/05\/INEX-NEWSLETTER-BEELDEN.jpg","contentUrl":"https:\/\/horecamagazine.be\/wp-content\/uploads\/2022\/05\/INEX-NEWSLETTER-BEELDEN.jpg","width":1556,"height":932},{"@type":"BreadcrumbList","@id":"https:\/\/horecamagazine.be\/fr\/une-nouvelle-dimension-pour-vos-creations-de-latte-avec-inex-barista\/#breadcrumb","itemListElement":[{"@type":"ListItem","position":1,"name":"Home","item":"https:\/\/horecamagazine.be\/fr\/"},{"@type":"ListItem","position":2,"name":"Une nouvelle dimension pour vos cr\u00e9ations de latte avec Inex Barista !"}]},{"@type":"WebSite","@id":"https:\/\/horecamagazine.be\/fr\/#website","url":"https:\/\/horecamagazine.be\/fr\/","name":"Horeca Magazine","description":"Uw partner in Horeca","publisher":{"@id":"https:\/\/horecamagazine.be\/fr\/#organization"},"potentialAction":[{"@type":"SearchAction","target":{"@type":"EntryPoint","urlTemplate":"https:\/\/horecamagazine.be\/fr\/?s={search_term_string}"},"query-input":{"@type":"PropertyValueSpecification","valueRequired":true,"valueName":"search_term_string"}}],"inLanguage":"fr-FR"},{"@type":"Organization","@id":"https:\/\/horecamagazine.be\/fr\/#organization","name":"Horeca Magazine","url":"https:\/\/horecamagazine.be\/fr\/","logo":{"@type":"ImageObject","inLanguage":"fr-FR","@id":"https:\/\/horecamagazine.be\/fr\/#\/schema\/logo\/image\/","url":"https:\/\/horecamagazine.be\/wp-content\/uploads\/2018\/12\/Horeca-Magazine-logo-01.png","contentUrl":"https:\/\/horecamagazine.be\/wp-content\/uploads\/2018\/12\/Horeca-Magazine-logo-01.png","width":2085,"height":590,"caption":"Horeca Magazine"},"image":{"@id":"https:\/\/horecamagazine.be\/fr\/#\/schema\/logo\/image\/"},"sameAs":["https:\/\/www.facebook.com\/horecamagazine.be\/","https:\/\/www.instagram.com\/horeca.magazine\/"]},{"@type":"Person","@id":"https:\/\/horecamagazine.be\/fr\/#\/schema\/person\/cd8e058b9ed64f0005d5b1fe0544b496","name":"Jonas Vansieleghem","image":{"@type":"ImageObject","inLanguage":"fr-FR","@id":"https:\/\/horecamagazine.be\/fr\/#\/schema\/person\/image\/","url":"https:\/\/secure.gravatar.com\/avatar\/cb9a028bd507b3ea2cc85501efdb8fce?s=96&d=mm&r=g","contentUrl":"https:\/\/secure.gravatar.com\/avatar\/cb9a028bd507b3ea2cc85501efdb8fce?s=96&d=mm&r=g","caption":"Jonas Vansieleghem"},"url":"https:\/\/horecamagazine.be\/fr\/author\/jonas\/"}]}},"_links":{"self":[{"href":"https:\/\/horecamagazine.be\/fr\/wp-json\/wp\/v2\/posts\/35332","targetHints":{"allow":["GET"]}}],"collection":[{"href":"https:\/\/horecamagazine.be\/fr\/wp-json\/wp\/v2\/posts"}],"about":[{"href":"https:\/\/horecamagazine.be\/fr\/wp-json\/wp\/v2\/types\/post"}],"author":[{"embeddable":true,"href":"https:\/\/horecamagazine.be\/fr\/wp-json\/wp\/v2\/users\/5"}],"replies":[{"embeddable":true,"href":"https:\/\/horecamagazine.be\/fr\/wp-json\/wp\/v2\/comments?post=35332"}],"version-history":[{"count":0,"href":"https:\/\/horecamagazine.be\/fr\/wp-json\/wp\/v2\/posts\/35332\/revisions"}],"wp:featuredmedia":[{"embeddable":true,"href":"https:\/\/horecamagazine.be\/fr\/wp-json\/wp\/v2\/media\/35310"}],"wp:attachment":[{"href":"https:\/\/horecamagazine.be\/fr\/wp-json\/wp\/v2\/media?parent=35332"}],"wp:term":[{"taxonomy":"category","embeddable":true,"href":"https:\/\/horecamagazine.be\/fr\/wp-json\/wp\/v2\/categories?post=35332"},{"taxonomy":"post_tag","embeddable":true,"href":"https:\/\/horecamagazine.be\/fr\/wp-json\/wp\/v2\/tags?post=35332"}],"curies":[{"name":"wp","href":"https:\/\/api.w.org\/{rel}","templated":true}]}}