{"id":47687,"date":"2024-09-11T20:03:12","date_gmt":"2024-09-11T18:03:12","guid":{"rendered":"https:\/\/horecamagazine.be\/vers-une-peche-durable-2-0\/"},"modified":"2024-09-11T20:03:13","modified_gmt":"2024-09-11T18:03:13","slug":"vers-une-peche-durable-2-0","status":"publish","type":"post","link":"https:\/\/horecamagazine.be\/fr\/vers-une-peche-durable-2-0\/","title":{"rendered":"Vers une p\u00eache durable 2.0"},"content":{"rendered":"<p>[et_pb_section fb_built=&#8221;1&#8243; theme_builder_area=&#8221;post_content&#8221; _builder_version=&#8221;4.19.2&#8243; _module_preset=&#8221;default&#8221;][et_pb_row _builder_version=&#8221;4.19.2&#8243; _module_preset=&#8221;default&#8221; theme_builder_area=&#8221;post_content&#8221;][et_pb_column _builder_version=&#8221;4.19.2&#8243; _module_preset=&#8221;default&#8221; type=&#8221;4_4&#8243; theme_builder_area=&#8221;post_content&#8221;][et_pb_text _builder_version=&#8221;4.19.2&#8243; _module_preset=&#8221;default&#8221; theme_builder_area=&#8221;post_content&#8221; hover_enabled=&#8221;0&#8243; sticky_enabled=&#8221;0&#8243;]<\/p>\n<p class=\"p1\"><strong><span class=\"s1\">La p\u00eache traditionnelle \u00e9tant en difficult\u00e9 depuis un certain temps d\u00e9j\u00e0, le gouvernement flamand mise de plus en plus sur une politique de p\u00eache durable 2.0. Il le fait notamment par le biais de Marifish, un nouveau p\u00f4le pour start-ups dans le domaine de l\u2019aquaculture et de la p\u00eache, situ\u00e9 sur le site de la Vlaamse Visveiling d\u2019Ostende.<\/span><\/strong><\/p>\n<p class=\"p1\"><span class=\"s1\">Le quota de p\u00eache, c\u2019est-\u00e0-dire la quantit\u00e9 maximale de poissons que l\u2019on peut p\u00eacher par esp\u00e8ce et par zone, reste r\u00e9guli\u00e8rement source de cauchemars dans les milieux de la p\u00eache, mais les nouvelles sont bonnes. En effet, depuis juillet dernier, les p\u00eacheurs belges sont autoris\u00e9s \u00e0 p\u00eacher quatre fois plus de soles qu\u2019auparavant en mer d\u2019Irlande, l\u2019une des cinq zones dans lesquelles les p\u00eacheurs belges p\u00eachent ce poisson. Les quotas de p\u00eache sont revus \u00e0 la hausse parce que le nombre de soles y est plus \u00e9lev\u00e9 que pr\u00e9vu.<\/span><\/p>\n<p class=\"p1\">Cette ann\u00e9e, le quota de p\u00eache pour les p\u00eacheurs belges avait \u00e9t\u00e9 fix\u00e9 pr\u00e9c\u00e9demment \u00e0 62 tonnes de soles en mer d\u2019Irlande, contre 270 tonnes l\u2019ann\u00e9e derni\u00e8re, soit une baisse de pr\u00e8s de 77%. Toutefois, un rapport scientifique r\u00e9cent a indiqu\u00e9 que le stock de soles dans la mer d\u2019Irlande \u00e9tait bien meilleur qu\u2019estim\u00e9 pr\u00e9c\u00e9demment. Il a donc \u00e9t\u00e9 convenu que les p\u00eacheurs belges seraient autoris\u00e9s \u00e0 p\u00eacher 281 tonnes de soles. Selon la Rederscentrale, la sole repr\u00e9sente la moiti\u00e9 du chiffre d\u2019affaires des p\u00eacheurs belges.<\/p>\n<p class=\"p1\">Pour \u00e9viter de telles incertitudes \u00e0 l\u2019avenir, l\u2019Europe souhaite utiliser de nouvelles technologies pour monitorer les ressources halieutiques. En effet, les donn\u00e9es sur lesquelles se fondent les recommandations datent d\u00e9j\u00e0 de quelques ann\u00e9es. Le but est que les \u00c9tats membres de l\u2019Union europ\u00e9enne puissent bient\u00f4t utiliser des donn\u00e9es beaucoup plus r\u00e9centes, ce qui apportera plus de clart\u00e9 \u00e0 toutes les parties concern\u00e9es.<\/p>\n<p class=\"p1\"><img decoding=\"async\" class=\"wp-image-47678 alignnone size-full\" src=\"https:\/\/horecamagazine.be\/wp-content\/uploads\/2024\/09\/Scherm\u00adafbeelding-2024-09-11-om-19.55.05.jpg\" alt=\"\" width=\"1960\" height=\"564\" srcset=\"https:\/\/horecamagazine.be\/wp-content\/uploads\/2024\/09\/Scherm\u00adafbeelding-2024-09-11-om-19.55.05.jpg 1960w, https:\/\/horecamagazine.be\/wp-content\/uploads\/2024\/09\/Scherm\u00adafbeelding-2024-09-11-om-19.55.05-300x86.jpg 300w, https:\/\/horecamagazine.be\/wp-content\/uploads\/2024\/09\/Scherm\u00adafbeelding-2024-09-11-om-19.55.05-1024x295.jpg 1024w, https:\/\/horecamagazine.be\/wp-content\/uploads\/2024\/09\/Scherm\u00adafbeelding-2024-09-11-om-19.55.05-768x221.jpg 768w, https:\/\/horecamagazine.be\/wp-content\/uploads\/2024\/09\/Scherm\u00adafbeelding-2024-09-11-om-19.55.05-1536x442.jpg 1536w, https:\/\/horecamagazine.be\/wp-content\/uploads\/2024\/09\/Scherm\u00adafbeelding-2024-09-11-om-19.55.05-1080x311.jpg 1080w, https:\/\/horecamagazine.be\/wp-content\/uploads\/2024\/09\/Scherm\u00adafbeelding-2024-09-11-om-19.55.05-1280x368.jpg 1280w, https:\/\/horecamagazine.be\/wp-content\/uploads\/2024\/09\/Scherm\u00adafbeelding-2024-09-11-om-19.55.05-1254x361.jpg 1254w, https:\/\/horecamagazine.be\/wp-content\/uploads\/2024\/09\/Scherm\u00adafbeelding-2024-09-11-om-19.55.05-210x60.jpg 210w\" sizes=\"(max-width: 1960px) 100vw, 1960px\" \/><\/p>\n<p class=\"p1\">\u00ab La seiche et le calamar, qui ne font l\u2019objet d\u2019aucun quota, sont devenus ensemble num\u00e9ro 2 \u00bb, selon Tom Premereur, directeur de la Vlaamse Visveiling, qui, avec ses sites \u00e0 Ostende et Zeebruges, organise des cri\u00e9es matinales de poisson trois fois par semaine, notamment les lundis, mercredis et vendredis. La Vlaamse Visveiling travaille avec environ 200 acheteurs au total, allant des grossistes aux cha\u00eenes de supermarch\u00e9s, en passant par les poissonneries classiques, etc. Le Fish &amp; Oysterbar Julia (www.julia-baaldje.be), bas\u00e9 \u00e0 Koksijde, fait \u00e9galement partie du portefeuille de clients ; Difficile de faire plus frais&#8230; Du reste, il existe aussi une cri\u00e9e \u00e0 Nieuport qui, contrairement \u00e0 celles d\u2019Ostende et de Zeebruges, est accessible au public.<\/p>\n<p class=\"p1\">L\u2019intelligence artificielle, quant \u00e0 elle, a fait son entr\u00e9e \u00e0 la Vlaamse Veiling. En effet, la cri\u00e9e dispose d\u2019un syst\u00e8me de triage automatique bas\u00e9 sur l\u2019IA qui reconna\u00eet imm\u00e9diatement l\u2019esp\u00e8ce de poisson en fonction d\u2019un certain nombre de param\u00e8tres.<\/p>\n<p class=\"p1\">\u00ab Nous sommes uniques au monde dans ce domaine \u00bb, explique Tom Premereur. \u00ab La prochaine \u00e9tape consistera \u00e0 d\u00e9terminer la qualit\u00e9 du poisson avec l\u2019IA, en compl\u00e9ment du travail professionnel de nos inspecteurs, naturellement. \u00bb<\/p>\n<p class=\"p1\"><img decoding=\"async\" class=\"wp-image-47680 alignnone size-full\" src=\"https:\/\/horecamagazine.be\/wp-content\/uploads\/2024\/09\/Scherm\u00adafbeelding-2024-09-11-om-19.54.50.jpg\" alt=\"\" width=\"1612\" height=\"728\" srcset=\"https:\/\/horecamagazine.be\/wp-content\/uploads\/2024\/09\/Scherm\u00adafbeelding-2024-09-11-om-19.54.50.jpg 1612w, https:\/\/horecamagazine.be\/wp-content\/uploads\/2024\/09\/Scherm\u00adafbeelding-2024-09-11-om-19.54.50-300x135.jpg 300w, https:\/\/horecamagazine.be\/wp-content\/uploads\/2024\/09\/Scherm\u00adafbeelding-2024-09-11-om-19.54.50-1024x462.jpg 1024w, https:\/\/horecamagazine.be\/wp-content\/uploads\/2024\/09\/Scherm\u00adafbeelding-2024-09-11-om-19.54.50-768x347.jpg 768w, https:\/\/horecamagazine.be\/wp-content\/uploads\/2024\/09\/Scherm\u00adafbeelding-2024-09-11-om-19.54.50-1536x694.jpg 1536w, https:\/\/horecamagazine.be\/wp-content\/uploads\/2024\/09\/Scherm\u00adafbeelding-2024-09-11-om-19.54.50-1080x488.jpg 1080w, https:\/\/horecamagazine.be\/wp-content\/uploads\/2024\/09\/Scherm\u00adafbeelding-2024-09-11-om-19.54.50-1280x578.jpg 1280w, https:\/\/horecamagazine.be\/wp-content\/uploads\/2024\/09\/Scherm\u00adafbeelding-2024-09-11-om-19.54.50-1254x566.jpg 1254w, https:\/\/horecamagazine.be\/wp-content\/uploads\/2024\/09\/Scherm\u00adafbeelding-2024-09-11-om-19.54.50-210x95.jpg 210w\" sizes=\"(max-width: 1612px) 100vw, 1612px\" \/><\/p>\n<h6 class=\"p1\"><span class=\"s1\">Comment voyez-vous l\u2019avenir de la p\u00eache traditionnelle ?<\/span><\/h6>\n<p class=\"p2\">\u00ab Au total, environ 350 p\u00eacheurs et 58 bateaux de p\u00eache sont encore actifs en mer \u00bb, selon Tom Premereur. \u00ab Ce chiffre diminue d\u2019ann\u00e9e en ann\u00e9e, mais c\u2019est \u2018faisable\u2019, et nous disposons \u00e9galement de l\u2019une des flottes les plus avanc\u00e9es de l\u2019Union europ\u00e9enne. Une p\u00e9nurie g\u00e9n\u00e9rale de poissons sauvages est certes observ\u00e9e (-6 % l\u2019ann\u00e9e derni\u00e8re par rapport \u00e0 2022), ce qui rend l\u2019offre inf\u00e9rieure \u00e0 la demande. Cependant, une p\u00e9nurie \u00e9ventuelle est un ph\u00e9nom\u00e8ne naturel qui ne se justifie par aucune raison sp\u00e9cifique et que nous devons donc simplement accepter. Les esp\u00e8ces classiques de poissons restent de toute fa\u00e7on populaires.<\/p>\n<p class=\"p2\">La durabilit\u00e9 a \u00e9galement \u00e9t\u00e9 l\u2019un des points de d\u00e9part du lancement, \u00e0 la fin de l\u2019ann\u00e9e derni\u00e8re, sur les sites de la Vlaamse Veiling d\u2019Ostende, de Marifish, un nouveau p\u00f4le pour start-ups et scale-ups dans le domaine de l\u2019aquaculture et de la p\u00eache, et ce \u00e0 l\u2019initiative conjointe du European Food Centre, du Voka et de la Provinciale Ontwikkelingsmaatschappij West-Vlaanderen (POM Vlaanderen). Marifish entend aussi offrir la possibilit\u00e9 de r\u00e9aliser des innovations dans le domaine de l\u2019aquaculture, dont les p\u00eacheries traditionnelles peuvent \u00e9galement b\u00e9n\u00e9ficier.<\/p>\n<p class=\"p2\">Par le pompage d\u2019eau de mer \u00e0 partir d\u2019un trou de forage qui peut atteindre 42 m\u00e8tres de profondeur, il est possible de cultiver et de transformer des algues, de mettre en culture des fruits de mer et crustac\u00e9s ou encore de pr\u00e9parer des hu\u00eetres et des moules pour la vente. Le complexe, r\u00e9parti en plusieurs unit\u00e9s sur une superficie de 6 000 m\u00b2, est un projet de Willy Naessens, l\u2019entrepreneur de renom.<\/p>\n<p class=\"p2\">\u00ab L\u2019une des premi\u00e8res r\u00e9alisations sera de transf\u00e9rer les hu\u00eetres irlandaises Bells Eye et Carlingford, de Zeebruges, o\u00f9 elles sont emball\u00e9es depuis 2 ans d\u00e9j\u00e0, \u00e0 Ostende pour \u00eatre mises en culture ici\u00a0; elles ne pourraient donc \u00eatre plus fra\u00eeches, explique Tom Premereur. C\u2019est la solution pour ces entreprises familiales irlandaises de lancer sur le march\u00e9 leur propre label et d\u2019entrer dans le circuit de la cri\u00e9e. \u00bb<\/p>\n<p class=\"p1\"><img decoding=\"async\" class=\"wp-image-47682 alignnone size-full\" src=\"https:\/\/horecamagazine.be\/wp-content\/uploads\/2024\/09\/Scherm\u00adafbeelding-2024-09-11-om-19.53.08.jpg\" alt=\"\" width=\"2020\" height=\"822\" srcset=\"https:\/\/horecamagazine.be\/wp-content\/uploads\/2024\/09\/Scherm\u00adafbeelding-2024-09-11-om-19.53.08.jpg 2020w, https:\/\/horecamagazine.be\/wp-content\/uploads\/2024\/09\/Scherm\u00adafbeelding-2024-09-11-om-19.53.08-300x122.jpg 300w, https:\/\/horecamagazine.be\/wp-content\/uploads\/2024\/09\/Scherm\u00adafbeelding-2024-09-11-om-19.53.08-1024x417.jpg 1024w, https:\/\/horecamagazine.be\/wp-content\/uploads\/2024\/09\/Scherm\u00adafbeelding-2024-09-11-om-19.53.08-768x313.jpg 768w, https:\/\/horecamagazine.be\/wp-content\/uploads\/2024\/09\/Scherm\u00adafbeelding-2024-09-11-om-19.53.08-1536x625.jpg 1536w, https:\/\/horecamagazine.be\/wp-content\/uploads\/2024\/09\/Scherm\u00adafbeelding-2024-09-11-om-19.53.08-1080x439.jpg 1080w, https:\/\/horecamagazine.be\/wp-content\/uploads\/2024\/09\/Scherm\u00adafbeelding-2024-09-11-om-19.53.08-1280x521.jpg 1280w, https:\/\/horecamagazine.be\/wp-content\/uploads\/2024\/09\/Scherm\u00adafbeelding-2024-09-11-om-19.53.08-1254x510.jpg 1254w, https:\/\/horecamagazine.be\/wp-content\/uploads\/2024\/09\/Scherm\u00adafbeelding-2024-09-11-om-19.53.08-210x85.jpg 210w\" sizes=\"(max-width: 2020px) 100vw, 2020px\" \/><\/p>\n<p class=\"p1\">\u00c0 propos, qu\u2019en est-il des moules de fond cultiv\u00e9es en Z\u00e9lande cette saison ? Par la combinaison de facteurs naturels tels que l\u2019affaiblissement naturel, l\u2019eutrophisation et un afflux plus important d\u2019eau douce en raison des fortes pr\u00e9cipitations, les p\u00eaches de l\u2019Oosterschelde au d\u00e9but de la saison se sont av\u00e9r\u00e9es inf\u00e9rieures de 40 % \u00e0 celles de l\u2019ann\u00e9e derni\u00e8re. Dans la mer des Wadden, en revanche, les prises ont \u00e9t\u00e9 bonnes. Pour r\u00e9pondre \u00e0 la demande, le syst\u00e8me appliqu\u00e9 pr\u00e9voit d\u2019importer des moules du Danemark, d\u2019Allemagne, d\u2019Irlande, de Grande-Bretagne et de France, puis de les mettre en culture pendant quelques jours dans l\u2019Oosterschelde, apr\u00e8s quoi elles sont autoris\u00e9es \u00e0 porter l\u2019\u00e9tiquette \u2018moule de Z\u00e9lande\u2019. De toute fa\u00e7on, la Z\u00e9lande est et reste assur\u00e9ment le v\u00e9ritable label.<\/p>\n<p class=\"p1\"><span class=\"s2\"><img decoding=\"async\" class=\"wp-image-47684 alignnone size-full\" src=\"https:\/\/horecamagazine.be\/wp-content\/uploads\/2024\/09\/Scherm\u00adafbeelding-2024-09-11-om-19.52.34.jpg\" alt=\"\" width=\"1956\" height=\"640\" srcset=\"https:\/\/horecamagazine.be\/wp-content\/uploads\/2024\/09\/Scherm\u00adafbeelding-2024-09-11-om-19.52.34.jpg 1956w, https:\/\/horecamagazine.be\/wp-content\/uploads\/2024\/09\/Scherm\u00adafbeelding-2024-09-11-om-19.52.34-300x98.jpg 300w, https:\/\/horecamagazine.be\/wp-content\/uploads\/2024\/09\/Scherm\u00adafbeelding-2024-09-11-om-19.52.34-1024x335.jpg 1024w, https:\/\/horecamagazine.be\/wp-content\/uploads\/2024\/09\/Scherm\u00adafbeelding-2024-09-11-om-19.52.34-768x251.jpg 768w, https:\/\/horecamagazine.be\/wp-content\/uploads\/2024\/09\/Scherm\u00adafbeelding-2024-09-11-om-19.52.34-1536x503.jpg 1536w, https:\/\/horecamagazine.be\/wp-content\/uploads\/2024\/09\/Scherm\u00adafbeelding-2024-09-11-om-19.52.34-1080x353.jpg 1080w, https:\/\/horecamagazine.be\/wp-content\/uploads\/2024\/09\/Scherm\u00adafbeelding-2024-09-11-om-19.52.34-1280x419.jpg 1280w, https:\/\/horecamagazine.be\/wp-content\/uploads\/2024\/09\/Scherm\u00adafbeelding-2024-09-11-om-19.52.34-1254x410.jpg 1254w, https:\/\/horecamagazine.be\/wp-content\/uploads\/2024\/09\/Scherm\u00adafbeelding-2024-09-11-om-19.52.34-210x69.jpg 210w\" sizes=\"(max-width: 1956px) 100vw, 1956px\" \/><\/span><\/p>\n<p class=\"p1\">Les crevettes de la mer du Nord, l\u2019autre produit phare, ont souffert d\u2019une p\u00e9nurie pendant un certain temps, mais l\u2019offre est \u00e0 nouveau sous contr\u00f4le. Les croquettes aux crevettes sont et restent aussi l\u2019un des classiques belges qui permet de se distinguer en tant que chef. C\u2019est pourquoi, \u00e0 la fin de l\u2019ann\u00e9e derni\u00e8re, 20 \u00e9tablissements Horeca ont particip\u00e9 \u00e0 la quatri\u00e8me \u00e9dition du concours bruxellois de la meilleure croquette aux crevettes, organis\u00e9 par visit.brussels. Les Brasseries Georges d\u2019Uccle ont remport\u00e9 l\u2019\u00e9preuve pour la deuxi\u00e8me ann\u00e9e cons\u00e9cutive.<\/p>\n<p class=\"p1\">Le chef fran\u00e7ais Bruno Lesbats, 57 ans, qui faisait partie \u00e0 l\u2019\u00e9poque de l\u2019\u00e9quipe des Brasseries Georges, est pass\u00e9 \u00e0 La Taverne du Passage au c\u0153ur de Bruxelles au printemps de cette ann\u00e9e et a depuis affin\u00e9 la recette gagnante.<\/p>\n<p class=\"p1\"><span class=\"s1\">\u00ab J\u2019ai apport\u00e9 une touche personnelle \u00e0 la recette, notamment en travaillant avec des infusions et du piment d\u2019Espelette \u00bb, explique-t-il. \u00ab Et, last but not least\u00a0: alors qu\u2019une croquette aux crevettes moyenne contient 28 \u00e0 32 % de crevettes, nous travaillons avec un pourcentage de 42 %, soit pr\u00e8s de la moiti\u00e9 du plat complet. D\u2019une mani\u00e8re g\u00e9n\u00e9rale, j\u2019insiste \u00e9norm\u00e9ment sur les saveurs et je n\u2019h\u00e9site pas \u00e0 d\u00e9couvrir de nouvelles cuisines et \u00e0 suivre des formations compl\u00e9mentaires. En effet, j\u2019ai toujours soif d\u2019apprendre. L\u2019objectif final doit \u00eatre de vouloir tout am\u00e9liorer. \u00bb<\/span><\/p>\n<p class=\"p1\">Pour plus d\u2019informations, consultez les sites<span class=\"s3\">\u00a0<\/span><a href=\"http:\/\/www.vlvis.be\" target=\"_blank\" rel=\"noopener\">www.vlvis.be<\/a><span class=\"s3\">, <\/span><a href=\"http:\/\/www.mosselen.nl\" target=\"_blank\" rel=\"noopener\">www.mosselen.nl<\/a><span class=\"s3\"> et <\/span><a href=\"http:\/\/www.latavernedupassage.be\" target=\"_blank\" rel=\"noopener\">www.latavernedupassage.be<\/a><\/p>\n<p class=\"p3\"><img decoding=\"async\" class=\"wp-image-47676 alignnone size-full\" src=\"https:\/\/horecamagazine.be\/wp-content\/uploads\/2024\/09\/Scherm\u00adafbeelding-2024-09-11-om-19.56.07.jpg\" alt=\"\" width=\"2362\" height=\"1050\" srcset=\"https:\/\/horecamagazine.be\/wp-content\/uploads\/2024\/09\/Scherm\u00adafbeelding-2024-09-11-om-19.56.07.jpg 2362w, https:\/\/horecamagazine.be\/wp-content\/uploads\/2024\/09\/Scherm\u00adafbeelding-2024-09-11-om-19.56.07-300x133.jpg 300w, https:\/\/horecamagazine.be\/wp-content\/uploads\/2024\/09\/Scherm\u00adafbeelding-2024-09-11-om-19.56.07-1024x455.jpg 1024w, https:\/\/horecamagazine.be\/wp-content\/uploads\/2024\/09\/Scherm\u00adafbeelding-2024-09-11-om-19.56.07-768x341.jpg 768w, https:\/\/horecamagazine.be\/wp-content\/uploads\/2024\/09\/Scherm\u00adafbeelding-2024-09-11-om-19.56.07-1536x683.jpg 1536w, https:\/\/horecamagazine.be\/wp-content\/uploads\/2024\/09\/Scherm\u00adafbeelding-2024-09-11-om-19.56.07-2048x910.jpg 2048w, https:\/\/horecamagazine.be\/wp-content\/uploads\/2024\/09\/Scherm\u00adafbeelding-2024-09-11-om-19.56.07-1080x480.jpg 1080w, https:\/\/horecamagazine.be\/wp-content\/uploads\/2024\/09\/Scherm\u00adafbeelding-2024-09-11-om-19.56.07-1280x569.jpg 1280w, https:\/\/horecamagazine.be\/wp-content\/uploads\/2024\/09\/Scherm\u00adafbeelding-2024-09-11-om-19.56.07-1254x557.jpg 1254w, https:\/\/horecamagazine.be\/wp-content\/uploads\/2024\/09\/Scherm\u00adafbeelding-2024-09-11-om-19.56.07-210x93.jpg 210w\" sizes=\"(max-width: 2362px) 100vw, 2362px\" \/><\/p>\n<h4 class=\"p1\"><span class=\"s1\">Recette des croquettes aux crevettes de Bruno Lesbats<\/span><\/h4>\n<p class=\"p2\"><strong><span class=\"s1\">Ingr\u00e9dients<br \/><\/span><\/strong>1 kg de crevettes grises enti\u00e8res, 2 gros poireaux, 2 carottes, 2 oignons, 2 dl de vin blanc, 3 l de lait, 20 feuilles de g\u00e9latine, 350 g de beurre, 350 g de farine, 2,5 kg de crevettes grises d\u00e9cortiqu\u00e9es, Noix de muscade, 60 g de sel, 20 g de piment d\u2019Espelette, 6 jaunes d\u2019\u0153ufs, 200 g de vieux Brugge<\/p>\n<p class=\"p2\"><strong><span class=\"s1\">Pr\u00e9paration<br \/><\/span><\/strong>Faites revenir \u00e0 feu vif les crevettes enti\u00e8res. Ajoutez-y les l\u00e9gumes et laissez revenir quelques minutes. D\u00e9glacez au vin blanc, faites bouillir. Mouillez \u00e0 hauteur d\u2019eau et laissez cuire 20mn. Mixez le tout et passez au chinois en pressant bien. Faites un roux avec le beurre et la farine. Ajoutez le bouillon de crevettes et le lait. Ajoutez l\u2019assaisonnement. Faites cuire et bouillir tout en fouettant. Une fois l\u2019appareil \u00e9pais, retirez-le du feu. Ajoutez la g\u00e9latine, les jaunes et le fromage. Plaquez et mettez au frigo pour durcir. Il n\u2019y a plus qu\u2019\u00e0 les paner. Pour ma part c\u2019est un m\u00e9lange de chapelure dor\u00e9e et de Panko.<\/p>\n<p class=\"p1\" style=\"text-align: right;\">[ Danny Verheyden ]<\/p>\n<p>[\/et_pb_text][\/et_pb_column][\/et_pb_row][\/et_pb_section]<\/p>\n","protected":false},"excerpt":{"rendered":"<p>La p\u00eache traditionnelle \u00e9tant en difficult\u00e9 depuis un certain temps d\u00e9j\u00e0, le gouvernement flamand mise de plus en plus sur une politique de p\u00eache durable 2.0. Il le fait notamment par le biais de Marifish, un nouveau p\u00f4le pour start-ups dans le domaine de l\u2019aquaculture et de la p\u00eache, situ\u00e9 sur le site de la [&hellip;]<\/p>\n","protected":false},"author":5,"featured_media":47644,"comment_status":"closed","ping_status":"closed","sticky":false,"template":"","format":"standard","meta":{"_et_pb_use_builder":"on","_et_pb_old_content":"","_et_gb_content_width":"","om_disable_all_campaigns":false,"_monsterinsights_skip_tracking":false,"_monsterinsights_sitenote_active":false,"_monsterinsights_sitenote_note":"","_monsterinsights_sitenote_category":0,"pgc_sgb_lightbox_settings":"","footnotes":"","_links_to":"","_links_to_target":""},"categories":[42,77],"tags":[],"class_list":["post-47687","post","type-post","status-publish","format-standard","has-post-thumbnail","hentry","category-focustastefr","category-uitgelicht-homepage-fr","et-has-post-format-content","et_post_format-et-post-format-standard"],"yoast_head":"<!-- This site is optimized with the Yoast SEO plugin v25.6 - https:\/\/yoast.com\/wordpress\/plugins\/seo\/ -->\n<title>Vers une p\u00eache durable 2.0 | Horeca Magazine<\/title>\n<meta name=\"description\" content=\"Horeca Magazine | Vers une p\u00eache durable 2.0\" \/>\n<meta name=\"robots\" content=\"index, follow, max-snippet:-1, max-image-preview:large, max-video-preview:-1\" \/>\n<link rel=\"canonical\" href=\"https:\/\/horecamagazine.be\/fr\/vers-une-peche-durable-2-0\/\" \/>\n<meta property=\"og:locale\" content=\"fr_FR\" \/>\n<meta property=\"og:type\" content=\"article\" \/>\n<meta property=\"og:title\" content=\"Vers une p\u00eache durable 2.0 | Horeca Magazine\" \/>\n<meta property=\"og:description\" content=\"Horeca Magazine | Vers une p\u00eache durable 2.0\" \/>\n<meta property=\"og:url\" content=\"https:\/\/horecamagazine.be\/fr\/vers-une-peche-durable-2-0\/\" \/>\n<meta property=\"og:site_name\" content=\"Horeca Magazine\" \/>\n<meta property=\"article:publisher\" content=\"https:\/\/www.facebook.com\/horecamagazine.be\/\" \/>\n<meta property=\"article:published_time\" content=\"2024-09-11T18:03:12+00:00\" \/>\n<meta property=\"article:modified_time\" content=\"2024-09-11T18:03:13+00:00\" \/>\n<meta property=\"og:image\" content=\"https:\/\/horecamagazine.be\/wp-content\/uploads\/2024\/09\/252WEBSITE-FOCUS-UITGELICHT2.jpg\" \/>\n\t<meta property=\"og:image:width\" content=\"830\" \/>\n\t<meta property=\"og:image:height\" content=\"316\" \/>\n\t<meta property=\"og:image:type\" content=\"image\/jpeg\" \/>\n<meta name=\"author\" content=\"Jonas Vansieleghem\" \/>\n<meta name=\"twitter:card\" content=\"summary_large_image\" \/>\n<meta name=\"twitter:label1\" content=\"\u00c9crit par\" \/>\n\t<meta name=\"twitter:data1\" content=\"Jonas Vansieleghem\" \/>\n\t<meta name=\"twitter:label2\" content=\"Dur\u00e9e de lecture estim\u00e9e\" \/>\n\t<meta name=\"twitter:data2\" content=\"8 minutes\" \/>\n<script type=\"application\/ld+json\" class=\"yoast-schema-graph\">{\"@context\":\"https:\/\/schema.org\",\"@graph\":[{\"@type\":\"Article\",\"@id\":\"https:\/\/horecamagazine.be\/fr\/vers-une-peche-durable-2-0\/#article\",\"isPartOf\":{\"@id\":\"https:\/\/horecamagazine.be\/fr\/vers-une-peche-durable-2-0\/\"},\"author\":{\"name\":\"Jonas Vansieleghem\",\"@id\":\"https:\/\/horecamagazine.be\/fr\/#\/schema\/person\/cd8e058b9ed64f0005d5b1fe0544b496\"},\"headline\":\"Vers une p\u00eache durable 2.0\",\"datePublished\":\"2024-09-11T18:03:12+00:00\",\"dateModified\":\"2024-09-11T18:03:13+00:00\",\"mainEntityOfPage\":{\"@id\":\"https:\/\/horecamagazine.be\/fr\/vers-une-peche-durable-2-0\/\"},\"wordCount\":1586,\"publisher\":{\"@id\":\"https:\/\/horecamagazine.be\/fr\/#organization\"},\"image\":{\"@id\":\"https:\/\/horecamagazine.be\/fr\/vers-une-peche-durable-2-0\/#primaryimage\"},\"thumbnailUrl\":\"https:\/\/horecamagazine.be\/wp-content\/uploads\/2024\/09\/252WEBSITE-FOCUS-UITGELICHT2.jpg\",\"articleSection\":[\"Focus\",\"UITGELICHT HOMEPAGE FR\"],\"inLanguage\":\"fr-FR\"},{\"@type\":\"WebPage\",\"@id\":\"https:\/\/horecamagazine.be\/fr\/vers-une-peche-durable-2-0\/\",\"url\":\"https:\/\/horecamagazine.be\/fr\/vers-une-peche-durable-2-0\/\",\"name\":\"Vers une p\u00eache durable 2.0 | Horeca Magazine\",\"isPartOf\":{\"@id\":\"https:\/\/horecamagazine.be\/fr\/#website\"},\"primaryImageOfPage\":{\"@id\":\"https:\/\/horecamagazine.be\/fr\/vers-une-peche-durable-2-0\/#primaryimage\"},\"image\":{\"@id\":\"https:\/\/horecamagazine.be\/fr\/vers-une-peche-durable-2-0\/#primaryimage\"},\"thumbnailUrl\":\"https:\/\/horecamagazine.be\/wp-content\/uploads\/2024\/09\/252WEBSITE-FOCUS-UITGELICHT2.jpg\",\"datePublished\":\"2024-09-11T18:03:12+00:00\",\"dateModified\":\"2024-09-11T18:03:13+00:00\",\"description\":\"Horeca Magazine | Vers une p\u00eache durable 2.0\",\"breadcrumb\":{\"@id\":\"https:\/\/horecamagazine.be\/fr\/vers-une-peche-durable-2-0\/#breadcrumb\"},\"inLanguage\":\"fr-FR\",\"potentialAction\":[{\"@type\":\"ReadAction\",\"target\":[\"https:\/\/horecamagazine.be\/fr\/vers-une-peche-durable-2-0\/\"]}]},{\"@type\":\"ImageObject\",\"inLanguage\":\"fr-FR\",\"@id\":\"https:\/\/horecamagazine.be\/fr\/vers-une-peche-durable-2-0\/#primaryimage\",\"url\":\"https:\/\/horecamagazine.be\/wp-content\/uploads\/2024\/09\/252WEBSITE-FOCUS-UITGELICHT2.jpg\",\"contentUrl\":\"https:\/\/horecamagazine.be\/wp-content\/uploads\/2024\/09\/252WEBSITE-FOCUS-UITGELICHT2.jpg\",\"width\":830,\"height\":316},{\"@type\":\"BreadcrumbList\",\"@id\":\"https:\/\/horecamagazine.be\/fr\/vers-une-peche-durable-2-0\/#breadcrumb\",\"itemListElement\":[{\"@type\":\"ListItem\",\"position\":1,\"name\":\"Home\",\"item\":\"https:\/\/horecamagazine.be\/fr\/\"},{\"@type\":\"ListItem\",\"position\":2,\"name\":\"Vers une p\u00eache durable 2.0\"}]},{\"@type\":\"WebSite\",\"@id\":\"https:\/\/horecamagazine.be\/fr\/#website\",\"url\":\"https:\/\/horecamagazine.be\/fr\/\",\"name\":\"Horeca Magazine\",\"description\":\"Uw partner in Horeca\",\"publisher\":{\"@id\":\"https:\/\/horecamagazine.be\/fr\/#organization\"},\"potentialAction\":[{\"@type\":\"SearchAction\",\"target\":{\"@type\":\"EntryPoint\",\"urlTemplate\":\"https:\/\/horecamagazine.be\/fr\/?s={search_term_string}\"},\"query-input\":{\"@type\":\"PropertyValueSpecification\",\"valueRequired\":true,\"valueName\":\"search_term_string\"}}],\"inLanguage\":\"fr-FR\"},{\"@type\":\"Organization\",\"@id\":\"https:\/\/horecamagazine.be\/fr\/#organization\",\"name\":\"Horeca Magazine\",\"url\":\"https:\/\/horecamagazine.be\/fr\/\",\"logo\":{\"@type\":\"ImageObject\",\"inLanguage\":\"fr-FR\",\"@id\":\"https:\/\/horecamagazine.be\/fr\/#\/schema\/logo\/image\/\",\"url\":\"https:\/\/horecamagazine.be\/wp-content\/uploads\/2018\/12\/Horeca-Magazine-logo-01.png\",\"contentUrl\":\"https:\/\/horecamagazine.be\/wp-content\/uploads\/2018\/12\/Horeca-Magazine-logo-01.png\",\"width\":2085,\"height\":590,\"caption\":\"Horeca Magazine\"},\"image\":{\"@id\":\"https:\/\/horecamagazine.be\/fr\/#\/schema\/logo\/image\/\"},\"sameAs\":[\"https:\/\/www.facebook.com\/horecamagazine.be\/\",\"https:\/\/www.instagram.com\/horeca.magazine\/\"]},{\"@type\":\"Person\",\"@id\":\"https:\/\/horecamagazine.be\/fr\/#\/schema\/person\/cd8e058b9ed64f0005d5b1fe0544b496\",\"name\":\"Jonas Vansieleghem\",\"image\":{\"@type\":\"ImageObject\",\"inLanguage\":\"fr-FR\",\"@id\":\"https:\/\/horecamagazine.be\/fr\/#\/schema\/person\/image\/\",\"url\":\"https:\/\/secure.gravatar.com\/avatar\/cb9a028bd507b3ea2cc85501efdb8fce?s=96&d=mm&r=g\",\"contentUrl\":\"https:\/\/secure.gravatar.com\/avatar\/cb9a028bd507b3ea2cc85501efdb8fce?s=96&d=mm&r=g\",\"caption\":\"Jonas Vansieleghem\"},\"url\":\"https:\/\/horecamagazine.be\/fr\/author\/jonas\/\"}]}<\/script>\n<!-- \/ Yoast SEO plugin. -->","yoast_head_json":{"title":"Vers une p\u00eache durable 2.0 | Horeca Magazine","description":"Horeca Magazine | Vers une p\u00eache durable 2.0","robots":{"index":"index","follow":"follow","max-snippet":"max-snippet:-1","max-image-preview":"max-image-preview:large","max-video-preview":"max-video-preview:-1"},"canonical":"https:\/\/horecamagazine.be\/fr\/vers-une-peche-durable-2-0\/","og_locale":"fr_FR","og_type":"article","og_title":"Vers une p\u00eache durable 2.0 | Horeca Magazine","og_description":"Horeca Magazine | Vers une p\u00eache durable 2.0","og_url":"https:\/\/horecamagazine.be\/fr\/vers-une-peche-durable-2-0\/","og_site_name":"Horeca Magazine","article_publisher":"https:\/\/www.facebook.com\/horecamagazine.be\/","article_published_time":"2024-09-11T18:03:12+00:00","article_modified_time":"2024-09-11T18:03:13+00:00","og_image":[{"width":830,"height":316,"url":"https:\/\/horecamagazine.be\/wp-content\/uploads\/2024\/09\/252WEBSITE-FOCUS-UITGELICHT2.jpg","type":"image\/jpeg"}],"author":"Jonas Vansieleghem","twitter_card":"summary_large_image","twitter_misc":{"\u00c9crit par":"Jonas Vansieleghem","Dur\u00e9e de lecture estim\u00e9e":"8 minutes"},"schema":{"@context":"https:\/\/schema.org","@graph":[{"@type":"Article","@id":"https:\/\/horecamagazine.be\/fr\/vers-une-peche-durable-2-0\/#article","isPartOf":{"@id":"https:\/\/horecamagazine.be\/fr\/vers-une-peche-durable-2-0\/"},"author":{"name":"Jonas Vansieleghem","@id":"https:\/\/horecamagazine.be\/fr\/#\/schema\/person\/cd8e058b9ed64f0005d5b1fe0544b496"},"headline":"Vers une p\u00eache durable 2.0","datePublished":"2024-09-11T18:03:12+00:00","dateModified":"2024-09-11T18:03:13+00:00","mainEntityOfPage":{"@id":"https:\/\/horecamagazine.be\/fr\/vers-une-peche-durable-2-0\/"},"wordCount":1586,"publisher":{"@id":"https:\/\/horecamagazine.be\/fr\/#organization"},"image":{"@id":"https:\/\/horecamagazine.be\/fr\/vers-une-peche-durable-2-0\/#primaryimage"},"thumbnailUrl":"https:\/\/horecamagazine.be\/wp-content\/uploads\/2024\/09\/252WEBSITE-FOCUS-UITGELICHT2.jpg","articleSection":["Focus","UITGELICHT HOMEPAGE FR"],"inLanguage":"fr-FR"},{"@type":"WebPage","@id":"https:\/\/horecamagazine.be\/fr\/vers-une-peche-durable-2-0\/","url":"https:\/\/horecamagazine.be\/fr\/vers-une-peche-durable-2-0\/","name":"Vers une p\u00eache durable 2.0 | Horeca Magazine","isPartOf":{"@id":"https:\/\/horecamagazine.be\/fr\/#website"},"primaryImageOfPage":{"@id":"https:\/\/horecamagazine.be\/fr\/vers-une-peche-durable-2-0\/#primaryimage"},"image":{"@id":"https:\/\/horecamagazine.be\/fr\/vers-une-peche-durable-2-0\/#primaryimage"},"thumbnailUrl":"https:\/\/horecamagazine.be\/wp-content\/uploads\/2024\/09\/252WEBSITE-FOCUS-UITGELICHT2.jpg","datePublished":"2024-09-11T18:03:12+00:00","dateModified":"2024-09-11T18:03:13+00:00","description":"Horeca Magazine | Vers une p\u00eache durable 2.0","breadcrumb":{"@id":"https:\/\/horecamagazine.be\/fr\/vers-une-peche-durable-2-0\/#breadcrumb"},"inLanguage":"fr-FR","potentialAction":[{"@type":"ReadAction","target":["https:\/\/horecamagazine.be\/fr\/vers-une-peche-durable-2-0\/"]}]},{"@type":"ImageObject","inLanguage":"fr-FR","@id":"https:\/\/horecamagazine.be\/fr\/vers-une-peche-durable-2-0\/#primaryimage","url":"https:\/\/horecamagazine.be\/wp-content\/uploads\/2024\/09\/252WEBSITE-FOCUS-UITGELICHT2.jpg","contentUrl":"https:\/\/horecamagazine.be\/wp-content\/uploads\/2024\/09\/252WEBSITE-FOCUS-UITGELICHT2.jpg","width":830,"height":316},{"@type":"BreadcrumbList","@id":"https:\/\/horecamagazine.be\/fr\/vers-une-peche-durable-2-0\/#breadcrumb","itemListElement":[{"@type":"ListItem","position":1,"name":"Home","item":"https:\/\/horecamagazine.be\/fr\/"},{"@type":"ListItem","position":2,"name":"Vers une p\u00eache durable 2.0"}]},{"@type":"WebSite","@id":"https:\/\/horecamagazine.be\/fr\/#website","url":"https:\/\/horecamagazine.be\/fr\/","name":"Horeca Magazine","description":"Uw partner in Horeca","publisher":{"@id":"https:\/\/horecamagazine.be\/fr\/#organization"},"potentialAction":[{"@type":"SearchAction","target":{"@type":"EntryPoint","urlTemplate":"https:\/\/horecamagazine.be\/fr\/?s={search_term_string}"},"query-input":{"@type":"PropertyValueSpecification","valueRequired":true,"valueName":"search_term_string"}}],"inLanguage":"fr-FR"},{"@type":"Organization","@id":"https:\/\/horecamagazine.be\/fr\/#organization","name":"Horeca Magazine","url":"https:\/\/horecamagazine.be\/fr\/","logo":{"@type":"ImageObject","inLanguage":"fr-FR","@id":"https:\/\/horecamagazine.be\/fr\/#\/schema\/logo\/image\/","url":"https:\/\/horecamagazine.be\/wp-content\/uploads\/2018\/12\/Horeca-Magazine-logo-01.png","contentUrl":"https:\/\/horecamagazine.be\/wp-content\/uploads\/2018\/12\/Horeca-Magazine-logo-01.png","width":2085,"height":590,"caption":"Horeca Magazine"},"image":{"@id":"https:\/\/horecamagazine.be\/fr\/#\/schema\/logo\/image\/"},"sameAs":["https:\/\/www.facebook.com\/horecamagazine.be\/","https:\/\/www.instagram.com\/horeca.magazine\/"]},{"@type":"Person","@id":"https:\/\/horecamagazine.be\/fr\/#\/schema\/person\/cd8e058b9ed64f0005d5b1fe0544b496","name":"Jonas Vansieleghem","image":{"@type":"ImageObject","inLanguage":"fr-FR","@id":"https:\/\/horecamagazine.be\/fr\/#\/schema\/person\/image\/","url":"https:\/\/secure.gravatar.com\/avatar\/cb9a028bd507b3ea2cc85501efdb8fce?s=96&d=mm&r=g","contentUrl":"https:\/\/secure.gravatar.com\/avatar\/cb9a028bd507b3ea2cc85501efdb8fce?s=96&d=mm&r=g","caption":"Jonas Vansieleghem"},"url":"https:\/\/horecamagazine.be\/fr\/author\/jonas\/"}]}},"_links":{"self":[{"href":"https:\/\/horecamagazine.be\/fr\/wp-json\/wp\/v2\/posts\/47687","targetHints":{"allow":["GET"]}}],"collection":[{"href":"https:\/\/horecamagazine.be\/fr\/wp-json\/wp\/v2\/posts"}],"about":[{"href":"https:\/\/horecamagazine.be\/fr\/wp-json\/wp\/v2\/types\/post"}],"author":[{"embeddable":true,"href":"https:\/\/horecamagazine.be\/fr\/wp-json\/wp\/v2\/users\/5"}],"replies":[{"embeddable":true,"href":"https:\/\/horecamagazine.be\/fr\/wp-json\/wp\/v2\/comments?post=47687"}],"version-history":[{"count":0,"href":"https:\/\/horecamagazine.be\/fr\/wp-json\/wp\/v2\/posts\/47687\/revisions"}],"wp:featuredmedia":[{"embeddable":true,"href":"https:\/\/horecamagazine.be\/fr\/wp-json\/wp\/v2\/media\/47644"}],"wp:attachment":[{"href":"https:\/\/horecamagazine.be\/fr\/wp-json\/wp\/v2\/media?parent=47687"}],"wp:term":[{"taxonomy":"category","embeddable":true,"href":"https:\/\/horecamagazine.be\/fr\/wp-json\/wp\/v2\/categories?post=47687"},{"taxonomy":"post_tag","embeddable":true,"href":"https:\/\/horecamagazine.be\/fr\/wp-json\/wp\/v2\/tags?post=47687"}],"curies":[{"name":"wp","href":"https:\/\/api.w.org\/{rel}","templated":true}]}}